{"id":293,"date":"2008-06-04T11:22:00","date_gmt":"2008-06-04T11:22:00","guid":{"rendered":"http:\/\/luiztarciso.net\/?p=293"},"modified":"2008-06-04T11:22:00","modified_gmt":"2008-06-04T11:22:00","slug":"petalas-caladas","status":"publish","type":"post","link":"https:\/\/luiztarciso.net\/?p=293","title":{"rendered":"p\u00e9talas caladas"},"content":{"rendered":"<p>Hoje n\u00e3o vou falar das flores que est\u00e3o adormecidas. N\u00e3o vou falar do clima frio e molhado. N\u00e3o vou falar das babaquices da pol\u00edtica tupiniquim. Nem vou falar de mim. Pensando bem, hoje simplesmente n\u00e3o vou falar&#8230; Quem dera, ao menos, que algum ouvido alucinado &#8211; tomado de uma sensibilidade s\u00fabita e agu\u00e7ada &#8211; ouvisse as entrelinhas desse ensurdecedor sil\u00eancio!<\/p>\n","protected":false},"excerpt":{"rendered":"<p>Hoje n\u00e3o vou falar das flores que est\u00e3o adormecidas. N\u00e3o vou falar do clima frio e molhado. N\u00e3o vou falar das babaquices da pol\u00edtica tupiniquim. Nem vou falar de mim. Pensando bem, hoje simplesmente n\u00e3o vou falar&#8230; Quem dera, ao menos, que algum ouvido alucinado &#8211; tomado de uma sensibilidade s\u00fabita e agu\u00e7ada &#8211; ouvisse [&hellip;]<\/p>\n","protected":false},"author":1,"featured_media":0,"comment_status":"open","ping_status":"open","sticky":false,"template":"","format":"standard","meta":[],"categories":[1],"tags":[],"_links":{"self":[{"href":"https:\/\/luiztarciso.net\/index.php?rest_route=\/wp\/v2\/posts\/293"}],"collection":[{"href":"https:\/\/luiztarciso.net\/index.php?rest_route=\/wp\/v2\/posts"}],"about":[{"href":"https:\/\/luiztarciso.net\/index.php?rest_route=\/wp\/v2\/types\/post"}],"author":[{"embeddable":true,"href":"https:\/\/luiztarciso.net\/index.php?rest_route=\/wp\/v2\/users\/1"}],"replies":[{"embeddable":true,"href":"https:\/\/luiztarciso.net\/index.php?rest_route=%2Fwp%2Fv2%2Fcomments&post=293"}],"version-history":[{"count":0,"href":"https:\/\/luiztarciso.net\/index.php?rest_route=\/wp\/v2\/posts\/293\/revisions"}],"wp:attachment":[{"href":"https:\/\/luiztarciso.net\/index.php?rest_route=%2Fwp%2Fv2%2Fmedia&parent=293"}],"wp:term":[{"taxonomy":"category","embeddable":true,"href":"https:\/\/luiztarciso.net\/index.php?rest_route=%2Fwp%2Fv2%2Fcategories&post=293"},{"taxonomy":"post_tag","embeddable":true,"href":"https:\/\/luiztarciso.net\/index.php?rest_route=%2Fwp%2Fv2%2Ftags&post=293"}],"curies":[{"name":"wp","href":"https:\/\/api.w.org\/{rel}","templated":true}]}}